{"id":4447,"date":"2020-03-18T15:29:03","date_gmt":"2020-03-18T15:29:03","guid":{"rendered":"https:\/\/www.sportsnewsforyou.com\/?p=4447"},"modified":"2020-03-18T15:29:03","modified_gmt":"2020-03-18T15:29:03","slug":"charte-contre-les-inegalites-le-modele-economique-daujourdhui-ne-peut-plus-tenir-dans-la-duree-selon-le-pdg-de-danone","status":"publish","type":"post","link":"https:\/\/googmn.com\/?p=4447","title":{"rendered":"Charte contre les in\u00e9galit\u00e9s : &#8220;Le mod\u00e8le \u00e9conomique d&#8217;aujourd&#8217;hui ne peut plus tenir dans la dur\u00e9e&#8221;, selon le PDG de\u00a0Danone"},"content":{"rendered":"<p>Emmanuel Macron veut faire du&nbsp;G7&nbsp;qui d\u00e9bute samedi 24 ao\u00fbt \u00e0 Biarritz un sommet pour lutter contre les in\u00e9galit\u00e9s. Pour ce faire, le chef de l&#8217;\u00c9tat compte sur les multinationales. Il a fait appel au PDG de Danone, Emmanuel Faber, qui a rassembl\u00e9 autour de son entreprise 33 autres multinationales fran\u00e7aises et \u00e9trang\u00e8res. Elles s&#8217;engagent sur une charte contre les in\u00e9galit\u00e9s. Selon le PDG de Danone, invit\u00e9 de franceinfo \u00e0 la veille du d\u00e9but du sommet du G7, c&#8217;est <em>&#8220;une prise de conscience&#8221;<\/em>&nbsp;n\u00e9cessaire de grandes entreprises, car <em>&#8220;le mod\u00e8le \u00e9conomique d&#8217;aujourd&#8217;hui ne peut plus tenir dans la dur\u00e9e&#8221;<\/em> et <em>&#8220;il est important d&#8217;en construire un autre.&#8221;<\/em><strong>franceinfo : L&#8217;Amazonie br\u00fble depuis trois semaines. Est-ce que les multinationales ont aussi leur part de responsabilit\u00e9 ?<\/strong><strong>Emmanuel Faber<\/strong> :&nbsp;Il ne peut pas y avoir d&#8217;\u00e9conomie durable s&#8217;il n&#8217;y a pas des entreprises qui agissent de fa\u00e7on durable. Il ne peut y avoir d&#8217;\u00e9conomie inclusive s&#8217;il n&#8217;y a pas des entreprises qui agissent de fa\u00e7on inclusive. Il n&#8217;y a pas de syst\u00e8me, il y a un mod\u00e8le dans lequel des grandes entreprises, des plus petites, l&#8217;ensemble de ce que nous avons construit depuis des ann\u00e9es arrive \u00e0 sa limite.La mondialisation, la croissance \u00e9conomique, l&#8217;\u00e9conomie de march\u00e9 ont sorti de la pauvret\u00e9 des centaines de millions de personnes, mais on voit bien qu&#8217;aujourd&#8217;hui on a atteint des limites. Il y a des choses qu&#8217;on ne savait pas sur les limites de ce mod\u00e8le, y compris d&#8217;ailleurs sur le plan climatique et aujourd&#8217;hui la justice climatique et la justice sociale sont intimement li\u00e9es.Notre conviction c&#8217;est qu&#8217;on ne peut plus laisser aux seuls gouvernements le soin de redistribuer ce qui doit l&#8217;\u00eatre pour que les choses soient durables ou partag\u00e9es, et le soin aux seules ONG et associations de la soci\u00e9t\u00e9 civile de faire la m\u00eame chose \u00e0 leur fa\u00e7on. Il faut absolument inscrire dans le mod\u00e8le m\u00eame des entreprises, le fait qu&#8217;elles d\u00e9veloppent des activit\u00e9s qui soient plus inclusives \u00e0 partir de leur mod\u00e8le.<strong>La France ne ratifiera pas le trait\u00e9 Mercosur, le trait\u00e9 de libre-\u00e9change entre l&#8217;Europe et l&#8217;Am\u00e9rique du Sud. Comment accueillez-vous cette d\u00e9cision ?<\/strong>Sur la question du Mercosur, au moment o\u00f9 l&#8217;accord a \u00e9t\u00e9 sign\u00e9, j&#8217;ai dit publiquement que \u00e7a ne tiendrait que si on mettait en place des syst\u00e8mes d&#8217;\u00e9cluses sur les prix agricoles \u00e0 l&#8217;entr\u00e9e et \u00e0 la sortie de l&#8217;Union europ\u00e9enne. Ces syst\u00e8mes doivent&nbsp;tenir compte du caract\u00e8re r\u00e9g\u00e9n\u00e9ratif et sain pour la plan\u00e8te des agricultures dont ils sont issus.&nbsp;C&#8217;est la r\u00e9forme de la politique agricole commune qui le permettra l&#8217;ann\u00e9e prochaine. Ce sont des discussions que nous avons d&#8217;ores et d\u00e9j\u00e0 engag\u00e9es avec le gouvernement et au niveau de l&#8217;Union europ\u00e9enne parce que c&#8217;est fondamental pour le futur.<strong>Pensez-vous que l&#8217;\u00e9conomie de march\u00e9 est la cause de l&#8217;effondrement \u00e9cologique ?<\/strong>Il faut rentrer dans des r\u00e9glages diff\u00e9rents, dans un ADN diff\u00e9rent. Les grandes entreprises comme les petites (&#8230;) avons un vrai r\u00f4le \u00e0 jouer pour que&nbsp;cela&nbsp;se passe. Notre initiative est celle de grandes entreprises, mais elle n&#8217;est pas la seule et elle&nbsp;ne peut pas \u00eatre la seule. Elle ne r\u00e9soudra pas les probl\u00e8mes, mais elle consiste simplement \u00e0 ce que chacun essaye de faire sa part dans ce travail qui est un travail collectif.<strong>Parmi les 34 signataires de cette charte, on trouve les banques JP Morgan et Goldman Sachs jug\u00e9es en partie responsables de la crise des subprimes en 2008. Peut-on douter de leur volont\u00e9 un peu subite de r\u00e9duire les in\u00e9galit\u00e9s ?<\/strong>Que les grandes banques et les institutions financi\u00e8res aient une part de responsabilit\u00e9 majeure dans ces crises financi\u00e8res, c&#8217;est clair pour moi. (&#8230;) Quand il y a des prises de conscience, des choses qu&#8217;on ne savait pas dont on n&#8217;\u00e9tait pas conscient, des consensus sociaux qui \u00e9voluent sur des sujets, l&#8217;\u00e9conomie doit suivre. Donc les entreprises changent. Aujourd&#8217;hui, les grandes banques qui rejoignent cette coalition ne le rejoignent pas parce qu&#8217;elles ont id\u00e9ologiquement chang\u00e9, c&#8217;est parce que nous sommes persuad\u00e9s que le mod\u00e8le \u00e9conomique d&#8217;aujourd&#8217;hui ne peut plus tenir dans la dur\u00e9e et qu&#8217;il est important d&#8217;en construire un autre.<\/p>\n","protected":false},"excerpt":{"rendered":"<p>Emmanuel Macron veut faire du&nbsp;G7&nbsp;qui d\u00e9bute samedi 24 ao\u00fbt \u00e0 Biarritz un sommet pour lutter contre les in\u00e9galit\u00e9s. Pour ce faire, le chef de l&#8217;\u00c9tat compte sur les multinationales. Il a fait appel au PDG de Danone, Emmanuel Faber, qui a rassembl\u00e9 autour de son entreprise 33 autres multinationales fran\u00e7aises et \u00e9trang\u00e8res. Elles s&#8217;engagent sur&#8230;<\/p>\n","protected":false},"author":1,"featured_media":0,"comment_status":"open","ping_status":"open","sticky":false,"template":"","format":"standard","meta":{"footnotes":""},"categories":[3],"tags":[],"class_list":["post-4447","post","type-post","status-publish","format-standard","hentry","category-news"],"_links":{"self":[{"href":"https:\/\/googmn.com\/index.php?rest_route=\/wp\/v2\/posts\/4447","targetHints":{"allow":["GET"]}}],"collection":[{"href":"https:\/\/googmn.com\/index.php?rest_route=\/wp\/v2\/posts"}],"about":[{"href":"https:\/\/googmn.com\/index.php?rest_route=\/wp\/v2\/types\/post"}],"author":[{"embeddable":true,"href":"https:\/\/googmn.com\/index.php?rest_route=\/wp\/v2\/users\/1"}],"replies":[{"embeddable":true,"href":"https:\/\/googmn.com\/index.php?rest_route=%2Fwp%2Fv2%2Fcomments&post=4447"}],"version-history":[{"count":0,"href":"https:\/\/googmn.com\/index.php?rest_route=\/wp\/v2\/posts\/4447\/revisions"}],"wp:attachment":[{"href":"https:\/\/googmn.com\/index.php?rest_route=%2Fwp%2Fv2%2Fmedia&parent=4447"}],"wp:term":[{"taxonomy":"category","embeddable":true,"href":"https:\/\/googmn.com\/index.php?rest_route=%2Fwp%2Fv2%2Fcategories&post=4447"},{"taxonomy":"post_tag","embeddable":true,"href":"https:\/\/googmn.com\/index.php?rest_route=%2Fwp%2Fv2%2Ftags&post=4447"}],"curies":[{"name":"wp","href":"https:\/\/api.w.org\/{rel}","templated":true}]}}