{"id":4441,"date":"2020-03-18T14:49:38","date_gmt":"2020-03-18T14:49:38","guid":{"rendered":"https:\/\/www.sportsnewsforyou.com\/?p=4441"},"modified":"2020-03-18T14:49:38","modified_gmt":"2020-03-18T14:49:38","slug":"le-chef-indien-raoni-candidat-au-prix-nobel-de-la-paix","status":"publish","type":"post","link":"https:\/\/googmn.com\/?p=4441","title":{"rendered":"Le chef indien Raoni, candidat au prix Nobel de la paix"},"content":{"rendered":"<p>#AlertePollutionRivi\u00e8res ou sols contamin\u00e9s, d\u00e9chets industriels abandonn\u00e9s\u2026 Vous vivez \u00e0 proximit\u00e9 d\u2019un site pollu\u00e9 ?<br \/>Cliquez ici pour nous alerter !Raoni sera-t-il le prochain prix Nobel de la paix ? La&nbsp;fondation br\u00e9silienne Darcy Ribeiro&nbsp;a en tout cas propos\u00e9 la candidature du chef indien, figure embl\u00e9matique de la lutte contre la d\u00e9forestation en Amazonie.&nbsp;La fondation souligne dans un communiqu\u00e9 les &#8220;m\u00e9rites&#8221; de Raoni Metuktire, devenu une c\u00e9l\u00e9brit\u00e9 mondiale \u00e0 partir des ann\u00e9es 1980, et qui, <em>&#8220;\u00e0 l&#8217;aube de ses 90 ans&#8221;<\/em> et<em> &#8220;en tant que leader de renomm\u00e9e mondial&#8221;<\/em>, <em>&#8220;a d\u00e9di\u00e9 sa vie au combat pour les droits des indig\u00e8nes et la pr\u00e9servation de l&#8217;Amazonie&#8221;<\/em>.Macron appel\u00e9 \u00e0 soutenir cette candidatureCette fondation, qui porte le nom d&#8217;un c\u00e9l\u00e8bre anthropologue br\u00e9silien, ancien ministre et \u00e9crivain de renom, a lanc\u00e9 par ailleurs une campagne sur les r\u00e9seaux sociaux avec le hashtag #raoninobeldapaz2020.&nbsp;Les messages sont illustr\u00e9s d&#8217;une photo de ce chef du peuple kayapo, \u00e2g\u00e9 de 89 ans, arborant une grande coiffe de plumes jaunes et son fameux plateau labial.Le r\u00e8glement du prix Nobel de la paix stipule que la nomination peut \u00eatre faite par des membres d&#8217;Assembl\u00e9es nationales, mais aussi par certains professeurs d&#8217;universit\u00e9.&nbsp;La fondation Darcy Ribeiro a par ailleurs sollicit\u00e9 le soutien d&#8217;Emmanuel Macron, qui a rencontr\u00e9, fin ao\u00fbt, le chef Raoni en marge du sommet du G7 \u00e0 Biarritz. Le pr\u00e9sident fran\u00e7ais s&#8217;\u00e9tait livr\u00e9 \u00e0 une passe d&#8217;armes avec le pr\u00e9sident br\u00e9silien d&#8217;extr\u00eame droite Jair Bolsonaro sur la question de l&#8217;Amazonie, s&#8217;alarmant de la recrudescence des incendies de for\u00eat dans cette immense r\u00e9gion d&#8217;Am\u00e9rique du Sud.<\/p>\n","protected":false},"excerpt":{"rendered":"<p>#AlertePollutionRivi\u00e8res ou sols contamin\u00e9s, d\u00e9chets industriels abandonn\u00e9s\u2026 Vous vivez \u00e0 proximit\u00e9 d\u2019un site pollu\u00e9 ?Cliquez ici pour nous alerter !Raoni sera-t-il le prochain prix Nobel de la paix ? La&nbsp;fondation br\u00e9silienne Darcy Ribeiro&nbsp;a en tout cas propos\u00e9 la candidature du chef indien, figure embl\u00e9matique de la lutte contre la d\u00e9forestation en Amazonie.&nbsp;La fondation souligne dans&#8230;<\/p>\n","protected":false},"author":1,"featured_media":0,"comment_status":"open","ping_status":"open","sticky":false,"template":"","format":"standard","meta":{"footnotes":""},"categories":[3],"tags":[],"class_list":["post-4441","post","type-post","status-publish","format-standard","hentry","category-news"],"_links":{"self":[{"href":"https:\/\/googmn.com\/index.php?rest_route=\/wp\/v2\/posts\/4441","targetHints":{"allow":["GET"]}}],"collection":[{"href":"https:\/\/googmn.com\/index.php?rest_route=\/wp\/v2\/posts"}],"about":[{"href":"https:\/\/googmn.com\/index.php?rest_route=\/wp\/v2\/types\/post"}],"author":[{"embeddable":true,"href":"https:\/\/googmn.com\/index.php?rest_route=\/wp\/v2\/users\/1"}],"replies":[{"embeddable":true,"href":"https:\/\/googmn.com\/index.php?rest_route=%2Fwp%2Fv2%2Fcomments&post=4441"}],"version-history":[{"count":0,"href":"https:\/\/googmn.com\/index.php?rest_route=\/wp\/v2\/posts\/4441\/revisions"}],"wp:attachment":[{"href":"https:\/\/googmn.com\/index.php?rest_route=%2Fwp%2Fv2%2Fmedia&parent=4441"}],"wp:term":[{"taxonomy":"category","embeddable":true,"href":"https:\/\/googmn.com\/index.php?rest_route=%2Fwp%2Fv2%2Fcategories&post=4441"},{"taxonomy":"post_tag","embeddable":true,"href":"https:\/\/googmn.com\/index.php?rest_route=%2Fwp%2Fv2%2Ftags&post=4441"}],"curies":[{"name":"wp","href":"https:\/\/api.w.org\/{rel}","templated":true}]}}