{"id":4433,"date":"2020-03-17T15:51:05","date_gmt":"2020-03-17T15:51:05","guid":{"rendered":"https:\/\/www.sportsnewsforyou.com\/?p=4433"},"modified":"2020-03-17T15:51:05","modified_gmt":"2020-03-17T15:51:05","slug":"albert-camus-labsurde-au-panthon","status":"publish","type":"post","link":"https:\/\/googmn.com\/?p=4433","title":{"rendered":"Albert Camus: l&rsquo;Absurde au Panth&eacute;on?"},"content":{"rendered":"<p>Voltaire, Rousseau, Hugo et maintenant Camus. Le pr\u00e9sident Sarkozy envisage l&#8217;arriv\u00e9e de l\u2019\u00e9crivain au Panth\u00e9on. <strong>\u00abEntre ici\u2026\u00bb<\/strong><\/p>\n<p>Pour le cinquanti\u00e8me anniversaire de la mort d&#8217;Albert Camus, le 4 janvier prochain,<\/p>\n<p> aimerait faire entrer la d\u00e9pouille du philosophe et essayiste au Panth\u00e9on, a-t-il confirm\u00e9 jeudi soir, en marge du sommet europ\u00e9en \u00e0 Bruxelles.<br \/><strong>\u00abJ&#8217;ai pens\u00e9 que ce serait un choix particuli\u00e8rement pertinent\u00bb, a soulign\u00e9 le locataire de l\u2019Elys\u00e9e<\/strong> confirmant une information parue sur le site internet lemonde.fr. \u00abDans cet esprit j&#8217;ai d\u00e9j\u00e0 pris contact avec les membres de sa famille\u00bb, a pr\u00e9cis\u00e9 le chef de l\u2019Etat, qui a besoin de l&#8217;accord familial pour faire proc\u00e9der \u00e0 cette intronisation posthume. \u00abLa d\u00e9cision n&#8217;est pas encore prise\u00bb mais <strong>\u00abce serait un symbole extraordinaire\u00bb<\/strong> a-t-il ajout\u00e9.<\/p>\n<p><strong>Ce serait le premier transfert au Panth\u00e9on d\u00e9cid\u00e9 par Nicolas Sarkozy, qui conna\u00eet bien l&#8217;\u0153uvre de Camus et avait voulu aller sur la plage de Tipaza lors de son voyage en Alg\u00e9rie en 2007, souligne le quotidien.<\/strong><\/p>\n<p> a organis\u00e9 l&#8217;entr\u00e9e au Panth\u00e9on des hommes de Lettres Andr\u00e9 Malraux (1996) et Alexandre Dumas (2002). Avant lui,<\/p>\n<p> avait organis\u00e9 les c\u00e9r\u00e9monies d&#8217;inhumation de Ren\u00e9 Cassin en 1987, de Jean Monnet en 1988 ou encore du couple de physiciens et chimistes Pierre et Marie Curie en 1995. <br \/><strong>Si ses descendants donnent leur agr\u00e9ment, Albert Camus retrouvera ses confr\u00e8res Zola, Jaur\u00e8s ou Monnet qui reposent au sommet de la montagne Sainte-Genevi\u00e8ve.<\/strong><\/p>\n<p><strong>\u00abRien n&#8217;est fait\u00bb, pr\u00e9cise un proche. Une telle c\u00e9r\u00e9monie co\u00fbte ch\u00e8re. Pour autant, l&#8217;\u00e9crivain n&#8217;aurait pas signifi\u00e9 d&#8217;opposition de son vivant.<\/strong><\/p>\n<p>L&#8217;auteur de La Peste, l\u2019Etranger, La Chute ou encore Caligula est n\u00e9 le 7 novembre 1913 \u00e0 Mondovi en Alg\u00e9rie. A la fois romancier, auteur de pi\u00e8ces de th\u00e9\u00e2tre, philosophe et journaliste, il lancera en 1956 son \u00abappel pour la tr\u00eave civile\u00bb, plaidoyer pacifique pour une solution \u00e9quitable du conflit. <strong>Camus a d\u00e9velopp\u00e9 dans son \u0153uvre tr\u00e8s diverse un humanisme fond\u00e9 sur la prise de conscience de l&#8217;absurdit\u00e9 de la condition humaine.<\/strong> Selon lui, l\u2019homme vit dans un monde dont il ne comprend pas le sens, dont il ignore tout, jusqu\u2019\u00e0 sa raison d\u2019\u00eatre. Mais l\u2019absurde est g\u00e9n\u00e9rateur d\u2019\u00e9nergie. Le refus du suicide, c\u2019est l\u2019exaltation de la vie, la passion du mortel. Ce dernier n\u2019abdique pas, il se r\u00e9volte. Conna\u00eetre son destin fatal et n\u00e9anmoins l\u2019affronter serait l&#8217;ultime preuve d&#8217;intelligence.<\/p>\n<p><strong>Prix Nobel de litt\u00e9rature en 1957, Albert Camus s&#8217;est tu\u00e9 le 4 janvier 1960 dans un accident de voiture \u00e0 Villeblevin dans l&#8217;Yonne. Il avait 47 ans. Il est enterr\u00e9 au cimeti\u00e8re du village de Lourmarin (Vaucluse).<\/strong><\/p>\n<p><strong>\u00abMaintenir l\u2019absurde, ne pas tenter de le r\u00e9soudre. Seul compte l\u2019ici et le maintenant\u2026\u00bb, comment le Premier des Fran\u00e7ais est-il devenu un disciple de Camus? Un Sisyphe heureux de porter sa pierre?<\/strong><\/p>\n<p>En connaissance de cause et en faisant appel \u00e0 la raison. Figurez-vous que le pr\u00e9sident de la R\u00e9publique bouquine. Pied-de-nez \u00e0 sa marotte de critiquer publiquement l\u2019\u0153uvre de Madame de La Fayette, sa princesse Carla Bruni commence \u00e0 glisser ses ouvrages pr\u00e9f\u00e9r\u00e9s sur la table de chevet de son bien-aim\u00e9. <strong>Nico se dit \u00abenvo\u00fbt\u00e9 par Belle du Seigneur et Voyage Au Bout de La Nuit<\/strong>\u00bb. ?Lui qui se vantait jadis de ne jamais lire, assure \u00e0 la presse que \u00abmalgr\u00e9 la crise et un emploi du temps tr\u00e8s charg\u00e9\u00bb, il \u00abappr\u00e9cie un roman pour se divertir\u00bb. Dans l\u2019avion pr\u00e9sidentiel, Sarko d\u00e9vore donc <strong>La R\u00e9volution Fran\u00e7aise de Max Gallo, D\u00e9sert de Jean-Marie Le Cl\u00e9zio et La Reine Margot d&#8217;Alexandre Dumas<\/strong>. Derni\u00e8rement, il a pris soin de s\u2019afficher avec <strong>Voyages en Orient de G\u00e9rard de Nerval<\/strong>, opportun\u00e9ment plac\u00e9 sur ses dossiers quand il passe devant les photographes. Au cap N\u00e8gre, l\u2019ex-Speedysarko se consacre exclusivement \u00e0 sa nouvelle passion: la litt\u00e9rature. Exit les lev\u00e9s aux aurores, les exploits physiques pour \u00e9pater la galerie, le chef de l\u2019ex\u00e9cutif doit y aller mollo sur le footing et la petite reine. D\u00e8s qu\u2019il a instant, le Pr\u00e9sident d\u00e9vore officiellement <strong>\u00abla litt\u00e9rature fran\u00e7aise de la collection pr\u00e9sent\u00e9e par Jean d\u2019Ormesson\u00bb.<\/strong><\/p>\n<p><strong>Pour sa premi\u00e8re \u00abpanth\u00e9onisation\u00bb, le lettr\u00e9 Nicolas a choisi. Il pr\u00e9f\u00e8re La Peste au chol\u00e9ra.<\/strong> Une sage d\u00e9cision qui entra\u00eene son cort\u00e8ge de r\u00e9actions\u2026<\/p>\n<p><em>J.B<\/em><\/p>\n<p><em>Vendredi 20 novembre 2009<\/em><\/p>\n","protected":false},"excerpt":{"rendered":"<p>Voltaire, Rousseau, Hugo et maintenant Camus. Le pr\u00e9sident Sarkozy envisage l&#8217;arriv\u00e9e de l\u2019\u00e9crivain au Panth\u00e9on. \u00abEntre ici\u2026\u00bb Pour le cinquanti\u00e8me anniversaire de la mort d&#8217;Albert Camus, le 4 janvier prochain, aimerait faire entrer la d\u00e9pouille du philosophe et essayiste au Panth\u00e9on, a-t-il confirm\u00e9 jeudi soir, en marge du sommet europ\u00e9en \u00e0 Bruxelles.\u00abJ&#8217;ai pens\u00e9 que ce&#8230;<\/p>\n","protected":false},"author":1,"featured_media":0,"comment_status":"open","ping_status":"open","sticky":false,"template":"","format":"standard","meta":{"footnotes":""},"categories":[3],"tags":[],"class_list":["post-4433","post","type-post","status-publish","format-standard","hentry","category-news"],"_links":{"self":[{"href":"https:\/\/googmn.com\/index.php?rest_route=\/wp\/v2\/posts\/4433","targetHints":{"allow":["GET"]}}],"collection":[{"href":"https:\/\/googmn.com\/index.php?rest_route=\/wp\/v2\/posts"}],"about":[{"href":"https:\/\/googmn.com\/index.php?rest_route=\/wp\/v2\/types\/post"}],"author":[{"embeddable":true,"href":"https:\/\/googmn.com\/index.php?rest_route=\/wp\/v2\/users\/1"}],"replies":[{"embeddable":true,"href":"https:\/\/googmn.com\/index.php?rest_route=%2Fwp%2Fv2%2Fcomments&post=4433"}],"version-history":[{"count":0,"href":"https:\/\/googmn.com\/index.php?rest_route=\/wp\/v2\/posts\/4433\/revisions"}],"wp:attachment":[{"href":"https:\/\/googmn.com\/index.php?rest_route=%2Fwp%2Fv2%2Fmedia&parent=4433"}],"wp:term":[{"taxonomy":"category","embeddable":true,"href":"https:\/\/googmn.com\/index.php?rest_route=%2Fwp%2Fv2%2Fcategories&post=4433"},{"taxonomy":"post_tag","embeddable":true,"href":"https:\/\/googmn.com\/index.php?rest_route=%2Fwp%2Fv2%2Ftags&post=4433"}],"curies":[{"name":"wp","href":"https:\/\/api.w.org\/{rel}","templated":true}]}}