{"id":10765,"date":"2022-12-13T16:46:05","date_gmt":"2022-12-13T16:46:05","guid":{"rendered":"https:\/\/googmn.com\/?p=10765"},"modified":"2022-12-13T16:46:05","modified_gmt":"2022-12-13T16:46:05","slug":"claire-lamour-est-dans-le-pre-la-mort-de-son-bebe-il-est-notre-etoile","status":"publish","type":"post","link":"https:\/\/googmn.com\/?p=10765","title":{"rendered":"Claire (L&#8217;amour est dans le pr\u00e9), la mort de son b\u00e9b\u00e9 : &#8220;Il est notre \u00e9toile&#8221;"},"content":{"rendered":"<p>Cela faisait plus de dix jours que Claire, participante de l&#8217;\u00e9mission <em><\/em><em>L&#8217;amour est dans le pr\u00e9<\/em> en <em><\/em>2015, n&#8217;avait plus rien post\u00e9 sur les r\u00e9seaux sociaux, elle qui y donne r\u00e9guli\u00e8rement des nouvelles de sa famille et y fait la promotion de sa ferme. Dimanche 19 juillet 2020, l&#8217;\u00e9leveuse d&#8217;oies, bient\u00f4t mari\u00e9e \u00e0 S\u00e9bastien et maman de Math\u00e9o (4 ans), a post\u00e9 un message et une <em>story<\/em> sur Instagram pour remercier ceux qui l&#8217;ont soutenue apr\u00e8s la mort de son b\u00e9b\u00e9.<\/p>\n<\/p>\n<p>&#8220;<em>Seb et moi, nous tenons \u00e0 vous remercier pour tout vos messages, vos t\u00e9moignages de soutien pour notre Mathis. On remercie particuli\u00e8rement notre famille, nos amis&#8230; et nos deux soeurs. Maintenant Mathis est devenu notre \u00e9toile que nous embrassons tous les soirs<\/em>&#8220;, a \u00e9crit la jeune femme. Mathis est leur deuxi\u00e8me fils, mort peu apr\u00e8s sa naissance d\u00e9but juillet. En <em>story<\/em>, la jeune femme a r\u00e9it\u00e9r\u00e9 ses remerciements et a aussi post\u00e9 une photo d&#8217;une rose \u00e9ternelle, d\u00e9di\u00e9e \u00e0 son enfant.<\/p>\n<\/p>\n<p>Une fois encore, de nombreux agriculteurs ont voulu leur faire part de leur soutien. C&#8217;est le cas notamment de Fr\u00e9d\u00e9rique et Pierre (saison diffus\u00e9e en 2012), parents de Gabriel (7 ans), qui ont \u00e9crit : &#8220;<em>Notre magnifique chemin de vie en commun, entam\u00e9 avec vous il y a cinq ans fait que nous nous serrons les coudes. Cette belle famille de coeur de personnes comme vous qu&#8217;on a choisies, ceux qui ont ri, ont dans\u00e9, ont chang\u00e9, mais aussi avec qui malheureusement on se recueille et on pleure. Nous n&#8217;aurions pas pu imaginer ne pas venir nous tenir \u00e0 vos c\u00f4t\u00e9s pour \u00eatre l\u00e0, pour porter ensemble votre peine et la partager. On vous aime les amis<\/em>.&#8221; Ainsi apprend-on que le couple a fait le d\u00e9placement chez Claire et S\u00e9bastien pour mieux les aider.<\/p>\n<p>Click Here: <a href='https:\/\/www.igaashop.com\/' title='striped gaa shirt'>striped gaa shirt<\/a><\/p>\n<p>C&#8217;est le 9 juillet 2020 que Claire avait d\u00e9voil\u00e9 la trag\u00e9die dans un message bouleversant : &#8220;<em>Samedi 4 juillet, j&#8217;ai mis au monde un magnifique b\u00e9b\u00e9 de 3,6 kg s&#8217;appelant Mathis, ce qui nous a combl\u00e9s de bonheur. Cependant, apr\u00e8s quelques complications, notre petit Mathis a d\u00fb rejoindre les anges&#8230; Ce qui nous a boulevers\u00e9s. C&#8217;est pour cela que nous souhaitons prendre du temps pour notre famille, pour Math\u00e9o <\/em>[leur fils de 4 ans, NDLR]<em> et pour pouvoir se reconstruire petit \u00e0 petit, afin de surmonter cette \u00e9preuve. Pendant quelque temps, je serai moins pr\u00e9sente sur les r\u00e9seaux sociaux, sur les march\u00e9s et \u00e0 la ferme.<\/em>&#8220;<\/p>\n<\/p>\n<\/p>\n<p style=\" margin:8px 0 0 0; padding:0 4px;\"> Seb et moi nous tenons  vous remercie pour tout vos messages, vos tmoignages de soutien pour ntre Mathis On Remercie particulirement notre Famille, nos amis&#8230; et nos deux soeurs. Maintenant Mathis est devenu notre toile  que nous embrassons tous les soirs #mathis #nosdeuxenfants #notrefamille #mercianossoeur #mamanges #naitreetvivre #amour #family<\/p>\n<p style=\" color:#c9c8cd; font-family:Arial,sans-serif; font-size:14px; line-height:17px; margin-bottom:0; margin-top:8px; overflow:hidden; padding:8px 0 7px; text-align:center; text-overflow:ellipsis; white-space:nowrap;\">Une publication partage par  Claire Fcd (@claireetseblamourestdanslepot) le <time style=\" font-family:Arial,sans-serif; font-size:14px; line-height:17px;\" datetime=\"2020-07-19T18:35:40+00:00\">19 Juil. 2020  11 :35 PDT<\/time><\/p><\/p>\n","protected":false},"excerpt":{"rendered":"<p>Cela faisait plus de dix jours que Claire, participante de l&#8217;\u00e9mission L&#8217;amour est dans le pr\u00e9 en 2015, n&#8217;avait plus rien post\u00e9 sur les r\u00e9seaux sociaux, elle qui y donne r\u00e9guli\u00e8rement des nouvelles de sa famille et y fait la promotion de sa ferme. Dimanche 19 juillet 2020, l&#8217;\u00e9leveuse d&#8217;oies, bient\u00f4t mari\u00e9e \u00e0 S\u00e9bastien et&#8230;<\/p>\n","protected":false},"author":1,"featured_media":0,"comment_status":"open","ping_status":"open","sticky":false,"template":"","format":"standard","meta":{"footnotes":""},"categories":[3],"tags":[],"class_list":["post-10765","post","type-post","status-publish","format-standard","hentry","category-news"],"_links":{"self":[{"href":"https:\/\/googmn.com\/index.php?rest_route=\/wp\/v2\/posts\/10765","targetHints":{"allow":["GET"]}}],"collection":[{"href":"https:\/\/googmn.com\/index.php?rest_route=\/wp\/v2\/posts"}],"about":[{"href":"https:\/\/googmn.com\/index.php?rest_route=\/wp\/v2\/types\/post"}],"author":[{"embeddable":true,"href":"https:\/\/googmn.com\/index.php?rest_route=\/wp\/v2\/users\/1"}],"replies":[{"embeddable":true,"href":"https:\/\/googmn.com\/index.php?rest_route=%2Fwp%2Fv2%2Fcomments&post=10765"}],"version-history":[{"count":0,"href":"https:\/\/googmn.com\/index.php?rest_route=\/wp\/v2\/posts\/10765\/revisions"}],"wp:attachment":[{"href":"https:\/\/googmn.com\/index.php?rest_route=%2Fwp%2Fv2%2Fmedia&parent=10765"}],"wp:term":[{"taxonomy":"category","embeddable":true,"href":"https:\/\/googmn.com\/index.php?rest_route=%2Fwp%2Fv2%2Fcategories&post=10765"},{"taxonomy":"post_tag","embeddable":true,"href":"https:\/\/googmn.com\/index.php?rest_route=%2Fwp%2Fv2%2Ftags&post=10765"}],"curies":[{"name":"wp","href":"https:\/\/api.w.org\/{rel}","templated":true}]}}